{"id":88170,"date":"2026-03-09T08:28:10","date_gmt":"2026-03-09T07:28:10","guid":{"rendered":"https:\/\/www.poulerikbech.dk\/?p=88170"},"modified":"2026-03-09T08:28:10","modified_gmt":"2026-03-09T07:28:10","slug":"engel-volkers-danmark-joins-forces-with-edc-poul-erik-bech","status":"publish","type":"post","link":"https:\/\/www.poulerikbech.dk\/en\/commercial\/engel-volkers-danmark-joins-forces-with-edc-poul-erik-bech\/","title":{"rendered":"Engel &#038; V\u00f6lkers Danmark joins forces with EDC Poul Erik Bech"},"content":{"rendered":"<p>Mikkel S\u00f8by, CEO of Engel &amp; V\u00f6lkers Danmark and chairman of the board of Ejendomstorvet, says:<\/p>\n<p>\u201cLike other parts of the business world, commercial real estate is experiencing consolidation. Further specialization within property segments is necessary. Opportunities for growth have of course been explored and after numerous and long conversations with Poul Erik Bech, we are convinced that our companies will complement each other. We fit well together because we strengthen each other\u2019s positions.\u201d<\/p>\n<p><strong>Strengthening Capital Markets<br \/>\n<\/strong>Mikkel S\u00f8by and Christian Metellus are assigned partners in EDC Poul Erik Bech and part of EDC Poul Erik Bech&#8217;s Capital Markets department in Copenhagen. Mikkel S\u00f8by will furthermore be appointed Director of EDC Poul Erik Bech Copenhagen. Engel &amp; V\u00f6lkers Denmark has a total of 15 employees, primarily based in Copenhagen and Aarhus with operations nationwide and a presence in the Northern part of Jutland and -Zealand.<\/p>\n<p>\u201cIt was clear to both parties that our companies complement each other very well. A strong network particularly in Germany allow us to work extensively with Capital Markets and international investors. We have built a particularly strong position with letting, not least in Aarhus,\u201d says Managing Partner Christian Metellus, adding:<\/p>\n<p>\u201cWith 21 offices, EDC Poul Erik Bech has a nationwide platform and several specialists across property segments. Having valuation and research in-house will be a great attribute for strengthening our advisory services. Further features such as a strong back office with marketing, PR, HR and support provides us with a better prospect of emphasizing brokerage and advisory of our clientele.\u201d<\/p>\n<p><strong>Strengthening international profile<\/strong><br \/>\nPoul Erik Bech says: \u201cNaturally, we look forward to welcoming our new colleagues from Engel &amp; V\u00f6lkers Denmark. Our international outreach will be strengthened as well as our international department with strong competencies for our offices in Copenhagen and Aarhus including an additional commercial real estate broker in Vendsyssel\/Skagen. Our company has already listed the most properties on Ejendomstorvet, and this position will now be enhanced. Engel &amp; V\u00f6lkers Denmark provides strong competencies in letting, an area which we have also worked to strengthen in recent years.\u201d<\/p>\n<p>Both parties will be represented at <a href=\"https:\/\/www.poulerikbech.dk\/en\/mipim-2026-meet-edc-erhverv-poul-erik-bech\/\" target=\"_blank\" rel=\"noopener\">MIPIM<\/a> this week, the world\u2019s leading international real estate event held annually in Cannes, France. Including Mikkel S\u00f8by and Christian Metellus from Engel &amp; V\u00f6lkers Denmark, the 18 brokers from EDC Erhverv Poul Erik Bechwill be the largest real estate delegation at the event.<\/p>\n<p><img loading=\"lazy\" decoding=\"async\" class=\"alignnone  wp-image-88165\" src=\"https:\/\/www.poulerikbech.dk\/wp-content\/uploads\/2026\/03\/050326_EDC_7086-250x167.jpg\" alt=\"\" width=\"522\" height=\"349\" srcset=\"https:\/\/www.poulerikbech.dk\/wp-content\/uploads\/2026\/03\/050326_EDC_7086-250x167.jpg 250w, https:\/\/www.poulerikbech.dk\/wp-content\/uploads\/2026\/03\/050326_EDC_7086-700x467.jpg 700w, https:\/\/www.poulerikbech.dk\/wp-content\/uploads\/2026\/03\/050326_EDC_7086-768x512.jpg 768w, https:\/\/www.poulerikbech.dk\/wp-content\/uploads\/2026\/03\/050326_EDC_7086-600x400.jpg 600w, https:\/\/www.poulerikbech.dk\/wp-content\/uploads\/2026\/03\/050326_EDC_7086-1536x1025.jpg 1536w, https:\/\/www.poulerikbech.dk\/wp-content\/uploads\/2026\/03\/050326_EDC_7086-2048x1366.jpg 2048w, https:\/\/www.poulerikbech.dk\/wp-content\/uploads\/2026\/03\/050326_EDC_7086-120x80.jpg 120w\" sizes=\"auto, (max-width: 522px) 100vw, 522px\" \/><img loading=\"lazy\" decoding=\"async\" class=\"alignnone  wp-image-88167\" src=\"https:\/\/www.poulerikbech.dk\/wp-content\/uploads\/2026\/03\/050326_EDC_6818-250x167.jpg\" alt=\"\" width=\"522\" height=\"349\" srcset=\"https:\/\/www.poulerikbech.dk\/wp-content\/uploads\/2026\/03\/050326_EDC_6818-250x167.jpg 250w, https:\/\/www.poulerikbech.dk\/wp-content\/uploads\/2026\/03\/050326_EDC_6818-700x467.jpg 700w, https:\/\/www.poulerikbech.dk\/wp-content\/uploads\/2026\/03\/050326_EDC_6818-768x512.jpg 768w, https:\/\/www.poulerikbech.dk\/wp-content\/uploads\/2026\/03\/050326_EDC_6818-600x400.jpg 600w, https:\/\/www.poulerikbech.dk\/wp-content\/uploads\/2026\/03\/050326_EDC_6818-1536x1025.jpg 1536w, https:\/\/www.poulerikbech.dk\/wp-content\/uploads\/2026\/03\/050326_EDC_6818-2048x1366.jpg 2048w, https:\/\/www.poulerikbech.dk\/wp-content\/uploads\/2026\/03\/050326_EDC_6818-120x80.jpg 120w\" sizes=\"auto, (max-width: 522px) 100vw, 522px\" \/><\/p>\n","protected":false},"excerpt":{"rendered":"<p>Mikkel S\u00f8by, CEO of Engel &amp; V\u00f6lkers Danmark and chairman of the board of Ejendomstorvet, says: \u201cLike other parts of the business world, commercial real estate is experiencing consolidation. Further specialization within property segments is necessary. Opportunities for growth have of course been explored and after numerous and long conversations with Poul Erik Bech, we&#8230; <a class=\"view-article\" href=\"https:\/\/www.poulerikbech.dk\/en\/commercial\/engel-volkers-danmark-joins-forces-with-edc-poul-erik-bech\/\">View Article<\/a><\/p>\n","protected":false},"author":32,"featured_media":88171,"comment_status":"closed","ping_status":"closed","sticky":false,"template":"","format":"standard","meta":{"_acf_changed":false,"om_disable_all_campaigns":false,"_monsterinsights_skip_tracking":false,"_monsterinsights_sitenote_active":false,"_monsterinsights_sitenote_note":"","_monsterinsights_sitenote_category":0,"_jetpack_memberships_contains_paid_content":false,"footnotes":""},"categories":[2467,2479],"tags":[3157,3158],"class_list":["post-88170","post","type-post","status-publish","format-standard","has-post-thumbnail","hentry","category-commercial","category-international","tag-edc-erhverv-poul-erik-bech","tag-engel-volkers"],"acf":[],"aioseo_notices":[],"jetpack_featured_media_url":"https:\/\/www.poulerikbech.dk\/wp-content\/uploads\/2026\/03\/EV-1200-1.png","jetpack_sharing_enabled":true,"_links":{"self":[{"href":"https:\/\/www.poulerikbech.dk\/en\/wp-json\/wp\/v2\/posts\/88170","targetHints":{"allow":["GET"]}}],"collection":[{"href":"https:\/\/www.poulerikbech.dk\/en\/wp-json\/wp\/v2\/posts"}],"about":[{"href":"https:\/\/www.poulerikbech.dk\/en\/wp-json\/wp\/v2\/types\/post"}],"author":[{"embeddable":true,"href":"https:\/\/www.poulerikbech.dk\/en\/wp-json\/wp\/v2\/users\/32"}],"replies":[{"embeddable":true,"href":"https:\/\/www.poulerikbech.dk\/en\/wp-json\/wp\/v2\/comments?post=88170"}],"version-history":[{"count":1,"href":"https:\/\/www.poulerikbech.dk\/en\/wp-json\/wp\/v2\/posts\/88170\/revisions"}],"predecessor-version":[{"id":88173,"href":"https:\/\/www.poulerikbech.dk\/en\/wp-json\/wp\/v2\/posts\/88170\/revisions\/88173"}],"wp:featuredmedia":[{"embeddable":true,"href":"https:\/\/www.poulerikbech.dk\/en\/wp-json\/wp\/v2\/media\/88171"}],"wp:attachment":[{"href":"https:\/\/www.poulerikbech.dk\/en\/wp-json\/wp\/v2\/media?parent=88170"}],"wp:term":[{"taxonomy":"category","embeddable":true,"href":"https:\/\/www.poulerikbech.dk\/en\/wp-json\/wp\/v2\/categories?post=88170"},{"taxonomy":"post_tag","embeddable":true,"href":"https:\/\/www.poulerikbech.dk\/en\/wp-json\/wp\/v2\/tags?post=88170"}],"curies":[{"name":"wp","href":"https:\/\/api.w.org\/{rel}","templated":true}]}}